{"id":10107,"date":"2022-04-20T13:55:14","date_gmt":"2022-04-20T13:55:14","guid":{"rendered":"http:\/\/iceberg.rs\/en\/?p=10107"},"modified":"2022-04-21T10:05:13","modified_gmt":"2022-04-21T10:05:13","slug":"jelena-popovic-bujic-has-been-named-an-overall-winner-in-the-2021-ey-entrepreneur-of-the-year-award-in-serbia","status":"publish","type":"post","link":"https:\/\/iceberg.rs\/en\/jelena-popovic-bujic-has-been-named-an-overall-winner-in-the-2021-ey-entrepreneur-of-the-year-award-in-serbia\/","title":{"rendered":"Jelena Popovi\u0107 \u2013 Buji\u0107 has been named an overall winner in the 2021 EY Entrepreneur of the Year Award in Serbia"},"content":{"rendered":"<div class=\"page\" title=\"Page 1\">\n<div class=\"layoutArea\">\n<div class=\"column\">\n<p><strong>Jelena Popovi\u0107 &#8211; Buji\u0107<\/strong>, on behalf of Iceberg Salat Centar, is the winner of the prestigious EY Entrepreneur of the YearTM Award, traditionally given by the international auditing and consulting company EY (<a href=\"https:\/\/www.ey.com\/en_rs\">Ernst &amp; Young<\/a>) to the best domestic entrepreneurs. The Award was presented to her by Darko Bude\u010d, the President of the Independent Jury Panel, Ivan Raki\u0107, EY Managing Partner for Serbia, Montenegro and Bosnia and Herzegovina and Dragan Filipovi\u0107, President of the Executive Board and CEO of Generali Insurance Serbia, the general sponsor of the program.<\/p>\n<p><img decoding=\"async\" loading=\"lazy\" class=\"aligncenter wp-image-10113 size-large\" src=\"https:\/\/iceberg.rs\/en\/wp-content\/uploads\/2022\/04\/ey-preduzetnik-godine-2021-ceremonija-proglaenja-pobednika_51909364921_o-1024x683.jpg\" alt=\"\" width=\"1024\" height=\"683\" srcset=\"https:\/\/iceberg.rs\/en\/wp-content\/uploads\/2022\/04\/ey-preduzetnik-godine-2021-ceremonija-proglaenja-pobednika_51909364921_o-1024x683.jpg 1024w, https:\/\/iceberg.rs\/en\/wp-content\/uploads\/2022\/04\/ey-preduzetnik-godine-2021-ceremonija-proglaenja-pobednika_51909364921_o-300x200.jpg 300w, https:\/\/iceberg.rs\/en\/wp-content\/uploads\/2022\/04\/ey-preduzetnik-godine-2021-ceremonija-proglaenja-pobednika_51909364921_o-768x512.jpg 768w, https:\/\/iceberg.rs\/en\/wp-content\/uploads\/2022\/04\/ey-preduzetnik-godine-2021-ceremonija-proglaenja-pobednika_51909364921_o-600x400.jpg 600w, https:\/\/iceberg.rs\/en\/wp-content\/uploads\/2022\/04\/ey-preduzetnik-godine-2021-ceremonija-proglaenja-pobednika_51909364921_o.jpg 1920w\" sizes=\"(max-width: 1024px) 100vw, 1024px\" \/><\/p>\n<p>&#8220;This is a truly remarkable experience and I am extremely proud that we have followed our visions and goals that led us to this achievement. I need to stress out how immensely glad I am that on the tenth anniversary of this extraordinary program, the prize was awarded to a woman. It is a great honor for me to represent Serbia in Monte Carlo,&#8221; said Jelena Popovi\u0107-Buji\u0107, the recipient of the EY Entrepreneur of the Year Award.<\/p>\n<p>Iceberg Salat Centar was founded in 1990 in order to produce Iceberg lettuce, which had not been grown in Serbia until then. Today, it is engaged in the cultivation of all types of lettuce, as well as processing and distributing 180 items from the vegetable and fruit segment. The company was founded by Mr. Predrag Popovi\u0107, and today it is run by his daughter, Jelena Popovi\u0107-Buji\u0107.<\/p>\n<p>With over 120 employees, the company delivers its produce to <a href=\"https:\/\/www.mcdonalds.com\/us\/en-us.html\">McDonald&#8217;s<\/a>, retail chains in Serbia and the region, as well as renowned restaurants and hotels. In order to increase the export capacity, in 2021 Iceberg Salat Centar invested in the launch of the most modern agricultural production of lettuce on 47 hectares in Besni Fok.<\/p>\n<p><img decoding=\"async\" loading=\"lazy\" class=\"aligncenter wp-image-10114 size-large\" src=\"https:\/\/iceberg.rs\/en\/wp-content\/uploads\/2022\/04\/ey-preduzetnik-godine-2021-ceremonija-proglaenja-pobednika_51908396417_o-1024x683.jpg\" alt=\"\" width=\"1024\" height=\"683\" srcset=\"https:\/\/iceberg.rs\/en\/wp-content\/uploads\/2022\/04\/ey-preduzetnik-godine-2021-ceremonija-proglaenja-pobednika_51908396417_o-1024x683.jpg 1024w, https:\/\/iceberg.rs\/en\/wp-content\/uploads\/2022\/04\/ey-preduzetnik-godine-2021-ceremonija-proglaenja-pobednika_51908396417_o-300x200.jpg 300w, https:\/\/iceberg.rs\/en\/wp-content\/uploads\/2022\/04\/ey-preduzetnik-godine-2021-ceremonija-proglaenja-pobednika_51908396417_o-768x512.jpg 768w, https:\/\/iceberg.rs\/en\/wp-content\/uploads\/2022\/04\/ey-preduzetnik-godine-2021-ceremonija-proglaenja-pobednika_51908396417_o-600x400.jpg 600w, https:\/\/iceberg.rs\/en\/wp-content\/uploads\/2022\/04\/ey-preduzetnik-godine-2021-ceremonija-proglaenja-pobednika_51908396417_o.jpg 1920w\" sizes=\"(max-width: 1024px) 100vw, 1024px\" \/><\/p>\n<p>As the Winner of the 2021 EY Entrepreneur of the Year Award in Serbia, Jelena Popovic\u0301 Bujic\u0301 will represent the Republic of Serbia at the EY World Entrepreneur of the YearTM ceremony, in June in Monte Carlo.<\/p>\n<\/div>\n<\/div>\n<\/div>\n","protected":false},"excerpt":{"rendered":"<p>Jelena Popovi\u0107 &#8211; Buji\u0107, on behalf of Iceberg Salat Centar, is the winner of the [&hellip;]<\/p>\n","protected":false},"author":2,"featured_media":10129,"comment_status":"open","ping_status":"open","sticky":false,"template":"","format":"standard","meta":[],"categories":[1],"tags":[],"_links":{"self":[{"href":"https:\/\/iceberg.rs\/en\/wp-json\/wp\/v2\/posts\/10107"}],"collection":[{"href":"https:\/\/iceberg.rs\/en\/wp-json\/wp\/v2\/posts"}],"about":[{"href":"https:\/\/iceberg.rs\/en\/wp-json\/wp\/v2\/types\/post"}],"author":[{"embeddable":true,"href":"https:\/\/iceberg.rs\/en\/wp-json\/wp\/v2\/users\/2"}],"replies":[{"embeddable":true,"href":"https:\/\/iceberg.rs\/en\/wp-json\/wp\/v2\/comments?post=10107"}],"version-history":[{"count":9,"href":"https:\/\/iceberg.rs\/en\/wp-json\/wp\/v2\/posts\/10107\/revisions"}],"predecessor-version":[{"id":10132,"href":"https:\/\/iceberg.rs\/en\/wp-json\/wp\/v2\/posts\/10107\/revisions\/10132"}],"wp:featuredmedia":[{"embeddable":true,"href":"https:\/\/iceberg.rs\/en\/wp-json\/wp\/v2\/media\/10129"}],"wp:attachment":[{"href":"https:\/\/iceberg.rs\/en\/wp-json\/wp\/v2\/media?parent=10107"}],"wp:term":[{"taxonomy":"category","embeddable":true,"href":"https:\/\/iceberg.rs\/en\/wp-json\/wp\/v2\/categories?post=10107"},{"taxonomy":"post_tag","embeddable":true,"href":"https:\/\/iceberg.rs\/en\/wp-json\/wp\/v2\/tags?post=10107"}],"curies":[{"name":"wp","href":"https:\/\/api.w.org\/{rel}","templated":true}]}}